{"id":1887,"date":"2026-01-22T09:38:09","date_gmt":"2026-01-22T08:38:09","guid":{"rendered":"https:\/\/apelmunich.org\/?p=1887"},"modified":"2026-04-17T08:32:24","modified_gmt":"2026-04-17T07:32:24","slug":"webinaire-jeudi-5-fevrier-2026","status":"publish","type":"post","link":"https:\/\/apelmunich.org\/?p=1887","title":{"rendered":"Webinaire Jeudi 5 F\u00e9vrier 2026"},"content":{"rendered":"<h2 style=\"text-align: center;\"><strong>Webinaire gratuit<\/strong><\/h2>\n<p style=\"text-align: center;\" align=\"left\"><b style=\"font-size: revert; color: initial;\"><span style=\"color: #022e51; font-size: large;\">Le jeudi 5 f\u00e9vrier 2026<\/span><\/b><\/p>\n<div align=\"left\">\n<p style=\"text-align: center;\"><span style=\"color: #022e51; font-size: large;\">Les choix de sp\u00e9cialit\u00e9s en 2nde dans les LFE<\/span><\/p>\n<p style=\"text-align: center;\">\n<p><span style=\"color: #022e51;\"><b>En partenariat avec la FAPEE<\/b><\/span>, Averro\u00e8s e-learning vous invite \u00e0 ce webinaire consacr\u00e9 aux familles des \u00e9l\u00e8ves des lyc\u00e9es fran\u00e7ais du monde.\u00a0<\/p>\n<p>Ce webinaire est organis\u00e9 autour de 3 axes :<\/p>\n<p>1. Les sp\u00e9cialit\u00e9s en 1re et Tle : comment \u00e7a marche?\u00a0<\/p>\n<p>2. Quels choix privil\u00e9gier pour quelle orientation?\u00a0<\/p>\n<p>3. Quelles sont les comp\u00e9tences attendues pour chaque sp\u00e9cialit\u00e9?<\/p>\n<p>Caroline Minialai, dirigeante de Averro\u00e8s e-learning r\u00e9pondra \u00e0 vos questions \u00e0 la fin de chaque partie.<\/p>\n<\/div>\n\n\n<div style=\"height:45px\" aria-hidden=\"true\" class=\"wp-block-spacer\"><\/div>\n\n\n\n<div class=\"wp-block-buttons is-content-justification-center is-layout-flex wp-container-core-buttons-is-layout-16018d1d wp-block-buttons-is-layout-flex\">\n<div class=\"wp-block-button has-custom-width wp-block-button__width-50 ombre\"><a class=\"wp-block-button__link has-background has-large-font-size has-custom-font-size wp-element-button\" href=\"https:\/\/us02web.zoom.us\/webinar\/register\/WN_wP2_-VzuQoei80KDBaOMXQ#\/registration\" style=\"border-radius:0px;background-color:#1980c2\" target=\"_blank\" rel=\"noreferrer noopener\">Inscription<\/a><\/div>\n<\/div>\n\n\n\n<p><\/p>\n","protected":false},"excerpt":{"rendered":"<p>Webinaire gratuit Le jeudi 5 f\u00e9vrier 2026 Les choix de sp\u00e9cialit\u00e9s en 2nde dans les LFE En partenariat avec la FAPEE, Averro\u00e8s e-learning vous invite \u00e0 ce webinaire consacr\u00e9 aux familles des \u00e9l\u00e8ves des lyc\u00e9es fran\u00e7ais du monde.\u00a0 Ce webinaire est organis\u00e9 autour de 3 axes : 1. Les sp\u00e9cialit\u00e9s en 1re et Tle :&hellip; <br \/> <a class=\"read-more\" href=\"https:\/\/apelmunich.org\/?p=1887\">Lire la suite<\/a><\/p>\n","protected":false},"author":2,"featured_media":1888,"comment_status":"closed","ping_status":"open","sticky":false,"template":"","format":"standard","meta":{"footnotes":""},"categories":[1,3],"tags":[],"class_list":["post-1887","post","type-post","status-publish","format-standard","has-post-thumbnail","hentry","category-uncategorized","category-webinaires"],"_links":{"self":[{"href":"https:\/\/apelmunich.org\/index.php?rest_route=\/wp\/v2\/posts\/1887","targetHints":{"allow":["GET"]}}],"collection":[{"href":"https:\/\/apelmunich.org\/index.php?rest_route=\/wp\/v2\/posts"}],"about":[{"href":"https:\/\/apelmunich.org\/index.php?rest_route=\/wp\/v2\/types\/post"}],"author":[{"embeddable":true,"href":"https:\/\/apelmunich.org\/index.php?rest_route=\/wp\/v2\/users\/2"}],"replies":[{"embeddable":true,"href":"https:\/\/apelmunich.org\/index.php?rest_route=%2Fwp%2Fv2%2Fcomments&post=1887"}],"version-history":[{"count":7,"href":"https:\/\/apelmunich.org\/index.php?rest_route=\/wp\/v2\/posts\/1887\/revisions"}],"predecessor-version":[{"id":1915,"href":"https:\/\/apelmunich.org\/index.php?rest_route=\/wp\/v2\/posts\/1887\/revisions\/1915"}],"wp:featuredmedia":[{"embeddable":true,"href":"https:\/\/apelmunich.org\/index.php?rest_route=\/wp\/v2\/media\/1888"}],"wp:attachment":[{"href":"https:\/\/apelmunich.org\/index.php?rest_route=%2Fwp%2Fv2%2Fmedia&parent=1887"}],"wp:term":[{"taxonomy":"category","embeddable":true,"href":"https:\/\/apelmunich.org\/index.php?rest_route=%2Fwp%2Fv2%2Fcategories&post=1887"},{"taxonomy":"post_tag","embeddable":true,"href":"https:\/\/apelmunich.org\/index.php?rest_route=%2Fwp%2Fv2%2Ftags&post=1887"}],"curies":[{"name":"wp","href":"https:\/\/api.w.org\/{rel}","templated":true}]}}