{"id":2028,"date":"2026-03-13T14:29:32","date_gmt":"2026-03-13T13:29:32","guid":{"rendered":"https:\/\/apelmunich.org\/?p=2028"},"modified":"2026-04-17T08:32:24","modified_gmt":"2026-04-17T07:32:24","slug":"preparation-a-loral-du-brevet-les-15-et-16-avril-2026","status":"publish","type":"post","link":"https:\/\/apelmunich.org\/?p=2028","title":{"rendered":"Pr\u00e9paration \u00e0 l\u00b4oral du brevet pour les 3e les 23 et 24 avril 2026"},"content":{"rendered":"<div class=\"wp-block-image\">\n<figure class=\"aligncenter size-large\"><img fetchpriority=\"high\" decoding=\"async\" width=\"1024\" height=\"1024\" src=\"https:\/\/apelmunich.org\/wp-content\/uploads\/2026\/03\/Soir\u251c\u00aee_Oral_BREVET_3eme-images-1-1024x1024.jpg\" alt=\"\" class=\"wp-image-2024\" srcset=\"https:\/\/apelmunich.org\/wp-content\/uploads\/2026\/03\/Soir\u251c\u00aee_Oral_BREVET_3eme-images-1-1024x1024.jpg 1024w, https:\/\/apelmunich.org\/wp-content\/uploads\/2026\/03\/Soir\u251c\u00aee_Oral_BREVET_3eme-images-1-300x300.jpg 300w, https:\/\/apelmunich.org\/wp-content\/uploads\/2026\/03\/Soir\u251c\u00aee_Oral_BREVET_3eme-images-1-150x150.jpg 150w, https:\/\/apelmunich.org\/wp-content\/uploads\/2026\/03\/Soir\u251c\u00aee_Oral_BREVET_3eme-images-1-768x768.jpg 768w, https:\/\/apelmunich.org\/wp-content\/uploads\/2026\/03\/Soir\u251c\u00aee_Oral_BREVET_3eme-images-1-1536x1536.jpg 1536w, https:\/\/apelmunich.org\/wp-content\/uploads\/2026\/03\/Soir\u251c\u00aee_Oral_BREVET_3eme-images-1-2048x2048.jpg 2048w, https:\/\/apelmunich.org\/wp-content\/uploads\/2026\/03\/Soir\u251c\u00aee_Oral_BREVET_3eme-images-1-1080x1080.jpg 1080w\" sizes=\"(max-width: 1024px) 100vw, 1024px\" \/><\/figure><\/div>\n\n\n<div style=\"height:50px\" aria-hidden=\"true\" class=\"wp-block-spacer\"><\/div>\n\n\n<h3 style=\"text-align: center;\"><em>Le lien pour les inscriptions vous est communiqu\u00e9 par vos d\u00e9l\u00e9gu\u00e9s<\/em><\/h3>\n\n\n<p><\/p>\n","protected":false},"excerpt":{"rendered":"<p>Le lien pour les inscriptions vous est communiqu\u00e9 par vos d\u00e9l\u00e9gu\u00e9s<\/p>\n","protected":false},"author":2,"featured_media":2023,"comment_status":"closed","ping_status":"open","sticky":false,"template":"","format":"standard","meta":{"footnotes":""},"categories":[1],"tags":[],"class_list":["post-2028","post","type-post","status-publish","format-standard","has-post-thumbnail","hentry","category-uncategorized"],"_links":{"self":[{"href":"https:\/\/apelmunich.org\/index.php?rest_route=\/wp\/v2\/posts\/2028","targetHints":{"allow":["GET"]}}],"collection":[{"href":"https:\/\/apelmunich.org\/index.php?rest_route=\/wp\/v2\/posts"}],"about":[{"href":"https:\/\/apelmunich.org\/index.php?rest_route=\/wp\/v2\/types\/post"}],"author":[{"embeddable":true,"href":"https:\/\/apelmunich.org\/index.php?rest_route=\/wp\/v2\/users\/2"}],"replies":[{"embeddable":true,"href":"https:\/\/apelmunich.org\/index.php?rest_route=%2Fwp%2Fv2%2Fcomments&post=2028"}],"version-history":[{"count":23,"href":"https:\/\/apelmunich.org\/index.php?rest_route=\/wp\/v2\/posts\/2028\/revisions"}],"predecessor-version":[{"id":2076,"href":"https:\/\/apelmunich.org\/index.php?rest_route=\/wp\/v2\/posts\/2028\/revisions\/2076"}],"wp:featuredmedia":[{"embeddable":true,"href":"https:\/\/apelmunich.org\/index.php?rest_route=\/wp\/v2\/media\/2023"}],"wp:attachment":[{"href":"https:\/\/apelmunich.org\/index.php?rest_route=%2Fwp%2Fv2%2Fmedia&parent=2028"}],"wp:term":[{"taxonomy":"category","embeddable":true,"href":"https:\/\/apelmunich.org\/index.php?rest_route=%2Fwp%2Fv2%2Fcategories&post=2028"},{"taxonomy":"post_tag","embeddable":true,"href":"https:\/\/apelmunich.org\/index.php?rest_route=%2Fwp%2Fv2%2Ftags&post=2028"}],"curies":[{"name":"wp","href":"https:\/\/api.w.org\/{rel}","templated":true}]}}