{"id":2036,"date":"2026-03-13T14:34:16","date_gmt":"2026-03-13T13:34:16","guid":{"rendered":"https:\/\/apelmunich.org\/?p=2036"},"modified":"2026-04-17T08:32:24","modified_gmt":"2026-04-17T07:32:24","slug":"preparation-au-grand-oral-pour-les-terminales-les-15-et-16-avril-2026","status":"publish","type":"post","link":"https:\/\/apelmunich.org\/?p=2036","title":{"rendered":"Pr\u00e9paration au grand oral pour les terminales les 15 et 16 avril 2026"},"content":{"rendered":"<div class=\"wp-block-image\">\n<figure class=\"aligncenter size-large\"><img fetchpriority=\"high\" decoding=\"async\" width=\"1024\" height=\"1024\" src=\"https:\/\/apelmunich.org\/wp-content\/uploads\/2026\/03\/Soiree_Oral_BREVET_Terminales_page-0002-1024x1024.jpg\" alt=\"\" class=\"wp-image-2026\" srcset=\"https:\/\/apelmunich.org\/wp-content\/uploads\/2026\/03\/Soiree_Oral_BREVET_Terminales_page-0002-1024x1024.jpg 1024w, https:\/\/apelmunich.org\/wp-content\/uploads\/2026\/03\/Soiree_Oral_BREVET_Terminales_page-0002-300x300.jpg 300w, https:\/\/apelmunich.org\/wp-content\/uploads\/2026\/03\/Soiree_Oral_BREVET_Terminales_page-0002-150x150.jpg 150w, https:\/\/apelmunich.org\/wp-content\/uploads\/2026\/03\/Soiree_Oral_BREVET_Terminales_page-0002-768x768.jpg 768w, https:\/\/apelmunich.org\/wp-content\/uploads\/2026\/03\/Soiree_Oral_BREVET_Terminales_page-0002-1536x1536.jpg 1536w, https:\/\/apelmunich.org\/wp-content\/uploads\/2026\/03\/Soiree_Oral_BREVET_Terminales_page-0002-1080x1080.jpg 1080w, https:\/\/apelmunich.org\/wp-content\/uploads\/2026\/03\/Soiree_Oral_BREVET_Terminales_page-0002.jpg 1688w\" sizes=\"(max-width: 1024px) 100vw, 1024px\" \/><\/figure><\/div>\n\n\n<div style=\"height:64px\" aria-hidden=\"true\" class=\"wp-block-spacer\"><\/div>\n\n\n<h3 style=\"text-align: center;\"><em>Le lien pour les inscriptions vous est communiqu\u00e9 par vos d\u00e9l\u00e9gu\u00e9s<\/em><\/h3>\n\n\n<p><\/p>\n","protected":false},"excerpt":{"rendered":"<p>Le lien pour les inscriptions vous est communiqu\u00e9 par vos d\u00e9l\u00e9gu\u00e9s<\/p>\n","protected":false},"author":2,"featured_media":2025,"comment_status":"closed","ping_status":"open","sticky":false,"template":"","format":"standard","meta":{"footnotes":""},"categories":[1],"tags":[],"class_list":["post-2036","post","type-post","status-publish","format-standard","has-post-thumbnail","hentry","category-uncategorized"],"_links":{"self":[{"href":"https:\/\/apelmunich.org\/index.php?rest_route=\/wp\/v2\/posts\/2036","targetHints":{"allow":["GET"]}}],"collection":[{"href":"https:\/\/apelmunich.org\/index.php?rest_route=\/wp\/v2\/posts"}],"about":[{"href":"https:\/\/apelmunich.org\/index.php?rest_route=\/wp\/v2\/types\/post"}],"author":[{"embeddable":true,"href":"https:\/\/apelmunich.org\/index.php?rest_route=\/wp\/v2\/users\/2"}],"replies":[{"embeddable":true,"href":"https:\/\/apelmunich.org\/index.php?rest_route=%2Fwp%2Fv2%2Fcomments&post=2036"}],"version-history":[{"count":10,"href":"https:\/\/apelmunich.org\/index.php?rest_route=\/wp\/v2\/posts\/2036\/revisions"}],"predecessor-version":[{"id":2075,"href":"https:\/\/apelmunich.org\/index.php?rest_route=\/wp\/v2\/posts\/2036\/revisions\/2075"}],"wp:featuredmedia":[{"embeddable":true,"href":"https:\/\/apelmunich.org\/index.php?rest_route=\/wp\/v2\/media\/2025"}],"wp:attachment":[{"href":"https:\/\/apelmunich.org\/index.php?rest_route=%2Fwp%2Fv2%2Fmedia&parent=2036"}],"wp:term":[{"taxonomy":"category","embeddable":true,"href":"https:\/\/apelmunich.org\/index.php?rest_route=%2Fwp%2Fv2%2Fcategories&post=2036"},{"taxonomy":"post_tag","embeddable":true,"href":"https:\/\/apelmunich.org\/index.php?rest_route=%2Fwp%2Fv2%2Ftags&post=2036"}],"curies":[{"name":"wp","href":"https:\/\/api.w.org\/{rel}","templated":true}]}}